{"id":9860,"date":"2026-08-30T14:10:01","date_gmt":"2026-08-30T12:10:01","guid":{"rendered":"https:\/\/www.ttbetschdorf.com\/new\/?p=9860"},"modified":"2026-08-30T14:11:00","modified_gmt":"2026-08-30T12:11:00","slug":"reprise-de-lentrainement-jeunes","status":"publish","type":"post","link":"https:\/\/www.ttbetschdorf.com\/new\/2026\/08\/30\/reprise-de-lentrainement-jeunes\/","title":{"rendered":"Reprise de l&rsquo;entrainement jeunes"},"content":{"rendered":"<div class=\"xdj266r x14z9mp xat24cr x1lziwak x1vvkbs x126k92a\">\n<div dir=\"auto\"><span style=\"font-family: arial, helvetica, sans-serif;\">L&rsquo;entrainement officiel reprend ce mercredi \u00e0 18h30 \u00e0 l&rsquo;ESCAL pour les jeunes.<\/span><\/div>\n<\/div>\n<div class=\"x14z9mp xat24cr x1lziwak x1vvkbs xtlvy1s x126k92a\">\n<div dir=\"auto\"><span style=\"font-family: arial, helvetica, sans-serif;\">N&rsquo;h\u00e9sitez pas \u00e0 d\u00e9couvrir ce sport ! <span class=\"html-span xexx8yu xyri2b x18d9i69 x1c1uobl x1hl2dhg x16tdsg8 x1vvkbs x3nfvp2 x1j61x8r x1fcty0u xdj266r xat24cr xm2jcoa x1mpyi22 xxymvpz xlup9mm x1kky2od\"><img loading=\"lazy\" decoding=\"async\" class=\"xz74otr x15mokao x1ga7v0g x16uus16 xbiv7yw\" src=\"https:\/\/static.xx.fbcdn.net\/images\/emoji.php\/v9\/t51\/1\/16\/1f603.png\" alt=\"\ud83d\ude03\" width=\"16\" height=\"16\" \/><\/span><\/span><\/div>\n<div dir=\"auto\"><img loading=\"lazy\" decoding=\"async\" class=\"alignleft wp-image-9861\" src=\"https:\/\/www.ttbetschdorf.com\/new\/wp-content\/uploads\/2026\/08\/Reprise_2026-683x1024.png\" alt=\"\" width=\"500\" height=\"750\" srcset=\"https:\/\/www.ttbetschdorf.com\/new\/wp-content\/uploads\/2026\/08\/Reprise_2026-683x1024.png 683w, https:\/\/www.ttbetschdorf.com\/new\/wp-content\/uploads\/2026\/08\/Reprise_2026-333x500.png 333w, https:\/\/www.ttbetschdorf.com\/new\/wp-content\/uploads\/2026\/08\/Reprise_2026-768x1152.png 768w, https:\/\/www.ttbetschdorf.com\/new\/wp-content\/uploads\/2026\/08\/Reprise_2026.png 1024w\" sizes=\"auto, (max-width: 500px) 100vw, 500px\" \/><\/div>\n<\/div>\n","protected":false},"excerpt":{"rendered":"<p>L&rsquo;entrainement officiel reprend ce mercredi \u00e0 18h30 \u00e0 l&rsquo;ESCAL pour les jeunes. N&rsquo;h\u00e9sitez pas \u00e0 d\u00e9couvrir ce sport !<\/p>\n","protected":false},"author":13,"featured_media":0,"comment_status":"closed","ping_status":"closed","sticky":false,"template":"","format":"standard","meta":{"_bbp_topic_count":0,"_bbp_reply_count":0,"_bbp_total_topic_count":0,"_bbp_total_reply_count":0,"_bbp_voice_count":0,"_bbp_anonymous_reply_count":0,"_bbp_topic_count_hidden":0,"_bbp_reply_count_hidden":0,"_bbp_forum_subforum_count":0,"footnotes":"","_members_access_role":[],"_members_access_error":""},"categories":[1],"tags":[],"class_list":["post-9860","post","type-post","status-publish","format-standard","hentry","category-divers"],"_links":{"self":[{"href":"https:\/\/www.ttbetschdorf.com\/new\/wp-json\/wp\/v2\/posts\/9860","targetHints":{"allow":["GET"]}}],"collection":[{"href":"https:\/\/www.ttbetschdorf.com\/new\/wp-json\/wp\/v2\/posts"}],"about":[{"href":"https:\/\/www.ttbetschdorf.com\/new\/wp-json\/wp\/v2\/types\/post"}],"author":[{"embeddable":true,"href":"https:\/\/www.ttbetschdorf.com\/new\/wp-json\/wp\/v2\/users\/13"}],"replies":[{"embeddable":true,"href":"https:\/\/www.ttbetschdorf.com\/new\/wp-json\/wp\/v2\/comments?post=9860"}],"version-history":[{"count":4,"href":"https:\/\/www.ttbetschdorf.com\/new\/wp-json\/wp\/v2\/posts\/9860\/revisions"}],"predecessor-version":[{"id":9865,"href":"https:\/\/www.ttbetschdorf.com\/new\/wp-json\/wp\/v2\/posts\/9860\/revisions\/9865"}],"wp:attachment":[{"href":"https:\/\/www.ttbetschdorf.com\/new\/wp-json\/wp\/v2\/media?parent=9860"}],"wp:term":[{"taxonomy":"category","embeddable":true,"href":"https:\/\/www.ttbetschdorf.com\/new\/wp-json\/wp\/v2\/categories?post=9860"},{"taxonomy":"post_tag","embeddable":true,"href":"https:\/\/www.ttbetschdorf.com\/new\/wp-json\/wp\/v2\/tags?post=9860"}],"curies":[{"name":"wp","href":"https:\/\/api.w.org\/{rel}","templated":true}]}}